[{"@context":"https:\/\/schema.org\/","@type":"Article","@id":"https:\/\/www.aizol.cz\/proc-zbytecne-utracet\/#Article","mainEntityOfPage":"https:\/\/www.aizol.cz\/proc-zbytecne-utracet\/","headline":"Pro\u010d zbyte\u010dn\u011b utr\u00e1cet?","name":"Pro\u010d zbyte\u010dn\u011b utr\u00e1cet?","description":"Ka\u017ed\u00e1 z n\u00e1s by se ur\u010dit\u011b cht\u011bla vd\u00e1vat. V\u011bt\u0161inou o tom sn\u00edme u\u017e odmala. A takov\u00e1 svatba, to jsou p\u0159ece hlavn\u011b svatebn\u00ed \u0161aty. Kr\u00e1sn\u00e9, n\u00e1dhern\u00e9, dokonal\u00e9, \u00fa\u017easn\u00e9, prost\u011b ty nej. Ty, kter\u00e9 zp\u016fsob\u00ed, \u017ee p\u0159ihl\u00ed\u017eej\u00edc\u00ed z\u016fstanou st\u00e1t v n\u011bm\u00e9m \u00fa\u017easu a n\u011bkter\u00e9 d\u00e1my mo\u017en\u00e1 dokonce zblednou z\u00e1vist\u00ed. A pak se takov\u00e1 svatba kone\u010dn\u011b p\u0159ibl\u00ed\u017e\u00ed. A [&hellip;]","datePublished":"2019-10-13","dateModified":"2023-05-31","author":{"@type":"Person","@id":"https:\/\/www.aizol.cz\/author\/#Person","name":"","url":"https:\/\/www.aizol.cz\/author\/","identifier":1,"image":{"@type":"ImageObject","@id":"https:\/\/secure.gravatar.com\/avatar\/1a78ecc0e437eba31014e33ef1099b06183f235c76cc2a60652b6bba7126ee97?s=96&d=mm&r=g","url":"https:\/\/secure.gravatar.com\/avatar\/1a78ecc0e437eba31014e33ef1099b06183f235c76cc2a60652b6bba7126ee97?s=96&d=mm&r=g","height":96,"width":96}},"publisher":{"@type":"Organization","name":"aizol.cz","logo":{"@type":"ImageObject","@id":"\/logo.png","url":"\/logo.png","width":600,"height":60}},"image":{"@type":"ImageObject","@id":"https:\/\/www.aizol.cz\/wp-content\/uploads\/img_a365284_w1937_t1578230609.jpg","url":"https:\/\/www.aizol.cz\/wp-content\/uploads\/img_a365284_w1937_t1578230609.jpg","height":0,"width":0},"url":"https:\/\/www.aizol.cz\/proc-zbytecne-utracet\/","about":["Produkty"],"wordCount":441,"articleBody":"         Ka\u017ed\u00e1 z n\u00e1s by se ur\u010dit\u011b cht\u011bla vd\u00e1vat. V\u011bt\u0161inou o tom sn\u00edme u\u017e odmala. A takov\u00e1 svatba, to jsou p\u0159ece hlavn\u011b svatebn\u00ed \u0161aty. Kr\u00e1sn\u00e9, n\u00e1dhern\u00e9, dokonal\u00e9, \u00fa\u017easn\u00e9, prost\u011b ty nej. Ty, kter\u00e9 zp\u016fsob\u00ed, \u017ee p\u0159ihl\u00ed\u017eej\u00edc\u00ed z\u016fstanou st\u00e1t v n\u011bm\u00e9m \u00fa\u017easu a n\u011bkter\u00e9 d\u00e1my mo\u017en\u00e1 dokonce zblednou z\u00e1vist\u00ed. A pak se takov\u00e1 svatba kone\u010dn\u011b p\u0159ibl\u00ed\u017e\u00ed. A je tedy t\u0159eba takov\u00e9 \u0161aty sehnat. A je tu \u010dasto probl\u00e9m. Proto\u017ee ti, kdo se berou, nejsou \u010dasto zase a\u017e tak bohat\u00ed, aby si mohli n\u011bco opravdu luxusn\u00edho dovolit. P\u0159\u00edmo kr\u00e1lovsk\u00e9 \u0161aty b\u00fdvaj\u00ed toti\u017e i za p\u0159\u00edmo kr\u00e1lovsk\u00e9 ceny. A kdy\u017e si vezmete, \u017ee jsou takov\u00e9 \u0161aty nav\u00edc je\u0161t\u011b v\u011bt\u0161inou jenom pro tuhle jednu jedinou p\u0159\u00edle\u017eitost, nen\u00ed to ani trochu smyslupln\u00fd v\u00fddaj. Leze to do pen\u011bz a co z toho? Nev\u011bsta si je vezme na sebe p\u0159i ob\u0159adu, pak je zase svl\u00e9kne a u\u017e se daj\u00ed jenom pov\u011bsit do sk\u0159\u00edn\u011b, aby tam zab\u00edraly m\u00edsto a padal na n\u011b prach. Proto\u017ee i kdyby n\u00e1sledoval \u010dasem rozvod a po n\u011bm n\u011bjak\u00e1 dal\u0161\u00ed svatba, kdo zaru\u010d\u00ed, \u017ee \u017een\u011b i pak po\u0159\u00e1d je\u0161t\u011b budou a \u017ee budou v kurzu? Je to smutn\u00e9, ale je to tak. D\u011bv\u010de se roky t\u011b\u0161\u00ed na svatbu a nakonec zjist\u00ed, \u017ee se bu\u010f zbyte\u010dn\u011b vyd\u00e1 z pen\u011bz, nebo zkr\u00e1tka nebude vypadat jako ta princezna. Ov\u0161em nemus\u00ed b\u00fdt vlastn\u011b zase a\u017e tak zle. Proto\u017ee se d\u00e1 i na svatebn\u00edch \u0161atech n\u011bco u\u0161et\u0159it. To kdy\u017e se vsad\u00ed na v\u00fdprodej svatebn\u00edch \u0161at\u016f Praha. Tady se daj\u00ed sehnat \u0161aty kr\u00e1sn\u00e9, t\u0159eba i p\u0159\u00edmo p\u0159en\u00e1dhern\u00e9, a z\u00e1rove\u0148 to ani tolik nestoj\u00ed. Rozhodn\u011b se tady ale nejedn\u00e1 o n\u011bjak\u00e9 rozprod\u00e1v\u00e1n\u00ed star\u00fdch a o\u0161kliv\u00fdch hadr\u016f, kter\u00e9 nikdo nechce. Nab\u00edzej\u00ed se tady i \u0161aty n\u00e1dhern\u00e9, p\u0159\u00edmo snov\u00e9. \u017den\u011b tu p\u0159edstav\u00ed celou kolekci  https:\/\/retailek.mediar.cz\/2017\/08\/10\/lidl-zacne-prodavat-modni-kolekci-od-heidi-klum-18-zari-nabidne-i-obuv-a-doplnky\/ nab\u00edzen\u00fdch \u0161at\u016f a dokonce j\u00ed i porad\u00ed, jak\u00e9 by se k n\u00ed nejl\u00e9pe hodily. Zastoupen\u00e9 jsou tu r\u016fzn\u00e9 styly, tak\u017ee se ur\u010dit\u011b pro ka\u017edou budouc\u00ed nev\u011bstu najde to prav\u00e9. A za takov\u00e9 pen\u00edze, \u017ee by to jenom bl\u00e1zen nebral. A svatba se tak nakonec m\u016f\u017ee vyda\u0159it. P\u0159esn\u011b takov\u00e1, jakou si nev\u011bsta vysnila.                                                                                                                                                                                                                                                                                                                                                                                          4\/5 - (14 votes)        "},{"@context":"https:\/\/schema.org\/","@type":"BreadcrumbList","itemListElement":[{"@type":"ListItem","position":1,"name":"Pro\u010d zbyte\u010dn\u011b utr\u00e1cet?","item":"https:\/\/www.aizol.cz\/proc-zbytecne-utracet\/#breadcrumbitem"}]}]