[{"@context":"https:\/\/schema.org\/","@type":"Article","@id":"https:\/\/www.aizol.cz\/nejradeji-bych-vlady-nakopnul\/#Article","mainEntityOfPage":"https:\/\/www.aizol.cz\/nejradeji-bych-vlady-nakopnul\/","headline":"Nejrad\u011bji bych vl\u00e1dy nakopnul","name":"Nejrad\u011bji bych vl\u00e1dy nakopnul","description":"Kdy\u017e na\u0161inci nad\u00e1vaj\u00ed na vl\u00e1du z\u00a0ekonomick\u00fdch d\u016fvod\u016f, pak, jak v\u0161ichni v\u00edme, hlavn\u011b tehdy, kdy\u017e se c\u00edt\u00ed od\u00edran\u00ed. V\u011bt\u0161ina kritiky, kter\u00e1 u n\u00e1s u\u017e \u0159adu let zazn\u00edv\u00e1, zn\u00ed na jedno brdo: vl\u00e1da n\u00e1m ned\u00e1v\u00e1 dost, vl\u00e1da n\u00e1s ob\u00edr\u00e1, vl\u00e1da zdra\u017euje, vl\u00e1da n\u00e1s nech\u00e1v\u00e1 hladov\u011bt a trp\u011bt, vl\u00e1da\u2026 V\u0161echno jenom vl\u00e1da. To ona je zodpov\u011bdn\u00e1 za to, [&hellip;]","datePublished":"2023-10-29","dateModified":"2023-10-29","author":{"@type":"Person","@id":"https:\/\/www.aizol.cz\/author\/#Person","name":"","url":"https:\/\/www.aizol.cz\/author\/","identifier":1,"image":{"@type":"ImageObject","@id":"https:\/\/secure.gravatar.com\/avatar\/1a78ecc0e437eba31014e33ef1099b06183f235c76cc2a60652b6bba7126ee97?s=96&d=mm&r=g","url":"https:\/\/secure.gravatar.com\/avatar\/1a78ecc0e437eba31014e33ef1099b06183f235c76cc2a60652b6bba7126ee97?s=96&d=mm&r=g","height":96,"width":96}},"publisher":{"@type":"Organization","name":"aizol.cz","logo":{"@type":"ImageObject","@id":"\/logo.png","url":"\/logo.png","width":600,"height":60}},"image":{"@type":"ImageObject","@id":"https:\/\/www.aizol.cz\/wp-content\/uploads\/pp_10_10_10_10_4.jpg","url":"https:\/\/www.aizol.cz\/wp-content\/uploads\/pp_10_10_10_10_4.jpg","height":0,"width":0},"url":"https:\/\/www.aizol.cz\/nejradeji-bych-vlady-nakopnul\/","about":["Ekonomika"],"wordCount":525,"articleBody":"Kdy\u017e na\u0161inci nad\u00e1vaj\u00ed na vl\u00e1du z\u00a0ekonomick\u00fdch d\u016fvod\u016f, pak, jak v\u0161ichni v\u00edme, hlavn\u011b tehdy, kdy\u017e se c\u00edt\u00ed od\u00edran\u00ed. V\u011bt\u0161ina kritiky, kter\u00e1 u n\u00e1s u\u017e \u0159adu let zazn\u00edv\u00e1, zn\u00ed na jedno brdo: vl\u00e1da n\u00e1m ned\u00e1v\u00e1 dost, vl\u00e1da n\u00e1s ob\u00edr\u00e1, vl\u00e1da zdra\u017euje, vl\u00e1da n\u00e1s nech\u00e1v\u00e1 hladov\u011bt a trp\u011bt, vl\u00e1da\u2026 V\u0161echno jenom vl\u00e1da. To ona je zodpov\u011bdn\u00e1 za to, \u017ee se n\u00e1m pr\u00fd mizern\u011b \u017eije.J\u00e1 ale nad\u00e1v\u00e1m na celou \u0159adu vl\u00e1d, kter\u00e9 jsme u n\u00e1s m\u011bli v\u00a0polistopadov\u00e9 \u00e9\u0159e, docela jinak. J\u00e1 na nich nenech\u00e1v\u00e1m nit suchou kv\u016fli prav\u00e9mu opaku. Kv\u016fli u\u017e docela b\u011b\u017en\u00e9 vl\u00e1dn\u00ed rozhazova\u010dnosti. Jist\u011b, i j\u00e1 bych byl r\u00e1d, kdyby mi poskytovala v\u00edc pen\u011bz a kdyby se postarala, abych mohl \u017e\u00edt levn\u011bji, ale vid\u00edm situaci v\u00a0glob\u00e1ln\u011bj\u0161\u00edch souvislostech. A v\u00edm, \u017ee vlastn\u011b nen\u00ed ani tak d\u016fle\u017eit\u00e9 to, co m\u00e1m v\u00a0pen\u011b\u017eence j\u00e1, jako to, co je ve st\u00e1tn\u00ed kase. Proto\u017ee kdy\u017e m\u00e1 st\u00e1t dluhy, bude na jejich splacen\u00ed muset jednou sehnat pen\u00edze. A ty se\u017eene jedin\u011b tak, \u017ee si je n\u011bjak\u00fdm zp\u016fsobem vezme i z\u00a0moj\u00ed pen\u011b\u017eenky.V\u00edm, \u017ee st\u00e1tn\u00ed dluh je dluh n\u00e1s v\u0161ech, tedy i m\u016fj, i v\u00e1\u0161. A jestli\u017ee jsem pran\u00fd\u0159oval d\u0159\u00edv\u011bj\u0161\u00ed vl\u00e1dy za jejich \u0159\u00e1dov\u011b \u010dty\u0159icetimiliardov\u00e9 ka\u017edoro\u010dn\u00ed dluhy, je mi z\u00a0t\u011bch posledn\u00edch u\u017e p\u0159\u00edmo na zvracen\u00ed a na omdlen\u00ed.V\u017edy\u0165 co provedly p\u0159edposledn\u00ed dv\u011b vl\u00e1dy? Ani\u017e by se za\u010dervenaly, zadlu\u017eily n\u00e1s a ekonomicky n\u00e1s t\u00edm po\u0161kodily tolik, jako je\u0161t\u011b nikdo jin\u00fd nikdy jindy. A\u0165 si expremi\u00e9\u0159i B. S. a A. B. tvrd\u00ed, co cht\u011bj\u00ed, je to tak.Jak jenom jsem byl r\u00e1d, \u017ee se mi tedy po zm\u00edn\u011bn\u00fdch ekonomicky zr\u016fdn\u00fdch vl\u00e1d\u00e1ch poda\u0159ilo spoluzvolit dne\u0161n\u00ed vl\u00e1du! Kter\u00e1 sl\u00edbila, \u017ee to bezuzdn\u00e9 zadlu\u017eov\u00e1n\u00ed na\u0161eho st\u00e1tu zastav\u00ed, \u017ee bude bojovat se zr\u016fdn\u00fdm st\u00e1tn\u00edm dluhem.Ale te\u010f nem\u00e1m koho volit. Proto\u017ee i dne\u0161n\u00ed vl\u00e1da z\u016fstala v\u011brn\u00e1 tradici d\u011bl\u00e1n\u00ed dluh\u016f. A chlubit se t\u00edm, \u017ee n\u00e1s zadlu\u017eila m\u00ed\u0148 ne\u017e jej\u00ed p\u0159edch\u016fdci, nelze. A boj\u00edm se, \u017ee bude h\u016f\u0159. Proto\u017ee vl\u00e1da, kter\u00e1 lidem ned\u00e1v\u00e1 tolik co jej\u00ed p\u0159edch\u016fdci a sou\u010dasn\u011b se nem\u016f\u017ee pochlubit ani d\u016fkazem, \u017ee by t\u00edm prosp\u011bla cel\u00e9 na\u0161\u00ed zemi, nem\u00e1 \u0161anci na zvolen\u00ed. A zaryt\u00ed odp\u016frci skoup\u00fdch vl\u00e1d n\u00e1m tedy zase zvol\u00ed populisty. A kdo s\u00e1z\u00ed na bankrot na\u0161\u00ed zem\u011b, bude m\u00edt je\u0161t\u011b v\u011bt\u0161\u00ed \u0161anci na v\u00fdhru. Kterou mu ale seberou, a\u017e dojde na spl\u00e1cen\u00ed st\u00e1tn\u00edho, tedy na\u0161eho, dluhu.                                                                                                                                                                                                                                                                                                                                                                                        3.8\/5 - (5 votes)        "},{"@context":"https:\/\/schema.org\/","@type":"BreadcrumbList","itemListElement":[{"@type":"ListItem","position":1,"name":"Nejrad\u011bji bych vl\u00e1dy nakopnul","item":"https:\/\/www.aizol.cz\/nejradeji-bych-vlady-nakopnul\/#breadcrumbitem"}]}]