{"@context":"https:\/\/schema.org\/","@type":"CollectionPage","@id":"https:\/\/www.aizol.cz\/ekonomika\/#CollectionPage","headline":"Ekonomika Category","description":"","url":"https:\/\/www.aizol.cz\/ekonomika\/","hasPart":[{"@type":"Article","@id":"https:\/\/www.aizol.cz\/nejradeji-bych-vlady-nakopnul\/","headline":"Nejrad\u011bji bych vl\u00e1dy nakopnul","url":"https:\/\/www.aizol.cz\/nejradeji-bych-vlady-nakopnul\/","datePublished":"2023-10-29","dateModified":"2023-10-29","mainEntityOfPage":"https:\/\/www.aizol.cz\/nejradeji-bych-vlady-nakopnul\/","author":{"@type":"Person","@id":"https:\/\/www.aizol.cz\/author\/#Person","name":"","url":"https:\/\/www.aizol.cz\/author\/","identifier":1,"image":{"@type":"ImageObject","@id":"https:\/\/secure.gravatar.com\/avatar\/1a78ecc0e437eba31014e33ef1099b06183f235c76cc2a60652b6bba7126ee97?s=96&d=mm&r=g","url":"https:\/\/secure.gravatar.com\/avatar\/1a78ecc0e437eba31014e33ef1099b06183f235c76cc2a60652b6bba7126ee97?s=96&d=mm&r=g","height":96,"width":96}},"publisher":{"@type":"Organization","name":"aizol.cz","logo":{"@type":"ImageObject","@id":"\/logo.png","url":"\/logo.png","width":600,"height":60}},"image":{"@type":"ImageObject","@id":"https:\/\/www.aizol.cz\/wp-content\/uploads\/pp_10_10_10_10_4.jpg","url":"https:\/\/www.aizol.cz\/wp-content\/uploads\/pp_10_10_10_10_4.jpg","height":0,"width":0},"keywords":null},{"@type":"Article","@id":"https:\/\/www.aizol.cz\/proc-si-brat-nebankovni-hypoteky\/","headline":"Pro\u010d si br\u00e1t nebankovn\u00ed hypot\u00e9ky?","url":"https:\/\/www.aizol.cz\/proc-si-brat-nebankovni-hypoteky\/","datePublished":"2021-07-30","dateModified":"2023-05-31","mainEntityOfPage":"https:\/\/www.aizol.cz\/proc-si-brat-nebankovni-hypoteky\/","author":{"@type":"Person","@id":"https:\/\/www.aizol.cz\/author\/#Person","name":"","url":"https:\/\/www.aizol.cz\/author\/","identifier":1,"image":{"@type":"ImageObject","@id":"https:\/\/secure.gravatar.com\/avatar\/1a78ecc0e437eba31014e33ef1099b06183f235c76cc2a60652b6bba7126ee97?s=96&d=mm&r=g","url":"https:\/\/secure.gravatar.com\/avatar\/1a78ecc0e437eba31014e33ef1099b06183f235c76cc2a60652b6bba7126ee97?s=96&d=mm&r=g","height":96,"width":96}},"publisher":{"@type":"Organization","name":"aizol.cz","logo":{"@type":"ImageObject","@id":"\/logo.png","url":"\/logo.png","width":600,"height":60}},"image":{"@type":"ImageObject","@id":"https:\/\/www.aizol.cz\/wp-content\/uploads\/dolary%20bankovky_10.jpg","url":"https:\/\/www.aizol.cz\/wp-content\/uploads\/dolary%20bankovky_10.jpg","height":0,"width":0},"keywords":null},{"@type":"Article","@id":"https:\/\/www.aizol.cz\/hypoteka-na-rekonstrukci\/","headline":"Hypot\u00e9ka na rekonstrukci","url":"https:\/\/www.aizol.cz\/hypoteka-na-rekonstrukci\/","datePublished":"2020-09-20","dateModified":"2023-05-31","mainEntityOfPage":"https:\/\/www.aizol.cz\/hypoteka-na-rekonstrukci\/","author":{"@type":"Person","@id":"https:\/\/www.aizol.cz\/author\/#Person","name":"","url":"https:\/\/www.aizol.cz\/author\/","identifier":1,"image":{"@type":"ImageObject","@id":"https:\/\/secure.gravatar.com\/avatar\/1a78ecc0e437eba31014e33ef1099b06183f235c76cc2a60652b6bba7126ee97?s=96&d=mm&r=g","url":"https:\/\/secure.gravatar.com\/avatar\/1a78ecc0e437eba31014e33ef1099b06183f235c76cc2a60652b6bba7126ee97?s=96&d=mm&r=g","height":96,"width":96}},"publisher":{"@type":"Organization","name":"aizol.cz","logo":{"@type":"ImageObject","@id":"\/logo.png","url":"\/logo.png","width":600,"height":60}},"image":{"@type":"ImageObject","@id":"https:\/\/www.aizol.cz\/wp-content\/uploads\/mortgage-4137485_960_720.jpg","url":"https:\/\/www.aizol.cz\/wp-content\/uploads\/mortgage-4137485_960_720.jpg","height":0,"width":0},"keywords":null},{"@type":"Article","@id":"https:\/\/www.aizol.cz\/vyberte-si-pujcku-ktera-vam-vyjde-vstric\/","headline":"Vyberte si p\u016fj\u010dku, kter\u00e1 v\u00e1m vyjde vst\u0159\u00edc","url":"https:\/\/www.aizol.cz\/vyberte-si-pujcku-ktera-vam-vyjde-vstric\/","datePublished":"2020-01-18","dateModified":"2023-05-31","mainEntityOfPage":"https:\/\/www.aizol.cz\/vyberte-si-pujcku-ktera-vam-vyjde-vstric\/","author":{"@type":"Person","@id":"https:\/\/www.aizol.cz\/author\/#Person","name":"","url":"https:\/\/www.aizol.cz\/author\/","identifier":1,"image":{"@type":"ImageObject","@id":"https:\/\/secure.gravatar.com\/avatar\/1a78ecc0e437eba31014e33ef1099b06183f235c76cc2a60652b6bba7126ee97?s=96&d=mm&r=g","url":"https:\/\/secure.gravatar.com\/avatar\/1a78ecc0e437eba31014e33ef1099b06183f235c76cc2a60652b6bba7126ee97?s=96&d=mm&r=g","height":96,"width":96}},"publisher":{"@type":"Organization","name":"aizol.cz","logo":{"@type":"ImageObject","@id":"\/logo.png","url":"\/logo.png","width":600,"height":60}},"image":{"@type":"ImageObject","@id":"https:\/\/www.aizol.cz\/wp-content\/uploads\/img_a346592_w2600_t1560933742.jpg","url":"https:\/\/www.aizol.cz\/wp-content\/uploads\/img_a346592_w2600_t1560933742.jpg","height":0,"width":0},"keywords":null},{"@type":"Article","@id":"https:\/\/www.aizol.cz\/banka-vam-neschvalila-hypoteku\/","headline":"Banka v\u00e1m neschv\u00e1lila hypot\u00e9ku?","url":"https:\/\/www.aizol.cz\/banka-vam-neschvalila-hypoteku\/","datePublished":"2019-11-05","dateModified":"2023-05-31","mainEntityOfPage":"https:\/\/www.aizol.cz\/banka-vam-neschvalila-hypoteku\/","author":{"@type":"Person","@id":"https:\/\/www.aizol.cz\/author\/#Person","name":"","url":"https:\/\/www.aizol.cz\/author\/","identifier":1,"image":{"@type":"ImageObject","@id":"https:\/\/secure.gravatar.com\/avatar\/1a78ecc0e437eba31014e33ef1099b06183f235c76cc2a60652b6bba7126ee97?s=96&d=mm&r=g","url":"https:\/\/secure.gravatar.com\/avatar\/1a78ecc0e437eba31014e33ef1099b06183f235c76cc2a60652b6bba7126ee97?s=96&d=mm&r=g","height":96,"width":96}},"publisher":{"@type":"Organization","name":"aizol.cz","logo":{"@type":"ImageObject","@id":"\/logo.png","url":"\/logo.png","width":600,"height":60}},"image":{"@type":"ImageObject","@id":"https:\/\/www.aizol.cz\/wp-content\/uploads\/img_a369705_w2231_t1581785599.jpg","url":"https:\/\/www.aizol.cz\/wp-content\/uploads\/img_a369705_w2231_t1581785599.jpg","height":0,"width":0},"keywords":null},{"@type":"Article","@id":"https:\/\/www.aizol.cz\/hypoteka-bez-registru-vam-vyjde-vstric-i-ve-slozite-situaci\/","headline":"Hypot\u00e9ka bez registru v\u00e1m vyjde vst\u0159\u00edc i ve slo\u017eit\u00e9 situaci","url":"https:\/\/www.aizol.cz\/hypoteka-bez-registru-vam-vyjde-vstric-i-ve-slozite-situaci\/","datePublished":"2019-09-15","dateModified":"2023-05-31","mainEntityOfPage":"https:\/\/www.aizol.cz\/hypoteka-bez-registru-vam-vyjde-vstric-i-ve-slozite-situaci\/","author":{"@type":"Person","@id":"https:\/\/www.aizol.cz\/author\/#Person","name":"","url":"https:\/\/www.aizol.cz\/author\/","identifier":1,"image":{"@type":"ImageObject","@id":"https:\/\/secure.gravatar.com\/avatar\/1a78ecc0e437eba31014e33ef1099b06183f235c76cc2a60652b6bba7126ee97?s=96&d=mm&r=g","url":"https:\/\/secure.gravatar.com\/avatar\/1a78ecc0e437eba31014e33ef1099b06183f235c76cc2a60652b6bba7126ee97?s=96&d=mm&r=g","height":96,"width":96}},"publisher":{"@type":"Organization","name":"aizol.cz","logo":{"@type":"ImageObject","@id":"\/logo.png","url":"\/logo.png","width":600,"height":60}},"image":{"@type":"ImageObject","@id":"https:\/\/www.aizol.cz\/wp-content\/uploads\/img_a343711_w1735_t1556883354.jpg","url":"https:\/\/www.aizol.cz\/wp-content\/uploads\/img_a343711_w1735_t1556883354.jpg","height":0,"width":0},"keywords":null},{"@type":"Article","@id":"https:\/\/www.aizol.cz\/ceny-se-zvysuji-rychleji-nez-cnb-planovala\/","headline":"Ceny se zvy\u0161uj\u00ed rychleji, ne\u017e \u010cNB pl\u00e1novala","url":"https:\/\/www.aizol.cz\/ceny-se-zvysuji-rychleji-nez-cnb-planovala\/","datePublished":"2019-09-08","dateModified":"2023-05-31","mainEntityOfPage":"https:\/\/www.aizol.cz\/ceny-se-zvysuji-rychleji-nez-cnb-planovala\/","author":{"@type":"Person","@id":"https:\/\/www.aizol.cz\/author\/#Person","name":"","url":"https:\/\/www.aizol.cz\/author\/","identifier":1,"image":{"@type":"ImageObject","@id":"https:\/\/secure.gravatar.com\/avatar\/1a78ecc0e437eba31014e33ef1099b06183f235c76cc2a60652b6bba7126ee97?s=96&d=mm&r=g","url":"https:\/\/secure.gravatar.com\/avatar\/1a78ecc0e437eba31014e33ef1099b06183f235c76cc2a60652b6bba7126ee97?s=96&d=mm&r=g","height":96,"width":96}},"publisher":{"@type":"Organization","name":"aizol.cz","logo":{"@type":"ImageObject","@id":"\/logo.png","url":"\/logo.png","width":600,"height":60}},"image":{"@type":"ImageObject","@id":"https:\/\/www.aizol.cz\/wp-content\/uploads\/img_a355346_w3546_t1569682927.jpg","url":"https:\/\/www.aizol.cz\/wp-content\/uploads\/img_a355346_w3546_t1569682927.jpg","height":0,"width":0},"keywords":null},{"@type":"Article","@id":"https:\/\/www.aizol.cz\/chcete-vlastnit-pozemek\/","headline":"Chcete vlastnit pozemek?","url":"https:\/\/www.aizol.cz\/chcete-vlastnit-pozemek\/","datePublished":"2019-04-05","dateModified":"2023-05-31","mainEntityOfPage":"https:\/\/www.aizol.cz\/chcete-vlastnit-pozemek\/","author":{"@type":"Person","@id":"https:\/\/www.aizol.cz\/author\/#Person","name":"","url":"https:\/\/www.aizol.cz\/author\/","identifier":1,"image":{"@type":"ImageObject","@id":"https:\/\/secure.gravatar.com\/avatar\/1a78ecc0e437eba31014e33ef1099b06183f235c76cc2a60652b6bba7126ee97?s=96&d=mm&r=g","url":"https:\/\/secure.gravatar.com\/avatar\/1a78ecc0e437eba31014e33ef1099b06183f235c76cc2a60652b6bba7126ee97?s=96&d=mm&r=g","height":96,"width":96}},"publisher":{"@type":"Organization","name":"aizol.cz","logo":{"@type":"ImageObject","@id":"\/logo.png","url":"\/logo.png","width":600,"height":60}},"image":{"@type":"ImageObject","@id":"https:\/\/www.aizol.cz\/wp-content\/uploads\/img_a346563_w1720_t1560929871.jpg","url":"https:\/\/www.aizol.cz\/wp-content\/uploads\/img_a346563_w1720_t1560929871.jpg","height":0,"width":0},"keywords":null},{"@type":"Article","@id":"https:\/\/www.aizol.cz\/vyuzijte-uver-ktery-vam-dava-svobodu\/","headline":"Vyu\u017eijte \u00fav\u011br, kter\u00fd v\u00e1m d\u00e1v\u00e1 svobodu","url":"https:\/\/www.aizol.cz\/vyuzijte-uver-ktery-vam-dava-svobodu\/","datePublished":"2018-12-14","dateModified":"2023-05-31","mainEntityOfPage":"https:\/\/www.aizol.cz\/vyuzijte-uver-ktery-vam-dava-svobodu\/","author":{"@type":"Person","@id":"https:\/\/www.aizol.cz\/author\/#Person","name":"","url":"https:\/\/www.aizol.cz\/author\/","identifier":1,"image":{"@type":"ImageObject","@id":"https:\/\/secure.gravatar.com\/avatar\/1a78ecc0e437eba31014e33ef1099b06183f235c76cc2a60652b6bba7126ee97?s=96&d=mm&r=g","url":"https:\/\/secure.gravatar.com\/avatar\/1a78ecc0e437eba31014e33ef1099b06183f235c76cc2a60652b6bba7126ee97?s=96&d=mm&r=g","height":96,"width":96}},"publisher":{"@type":"Organization","name":"aizol.cz","logo":{"@type":"ImageObject","@id":"\/logo.png","url":"\/logo.png","width":600,"height":60}},"image":{"@type":"ImageObject","@id":"https:\/\/www.aizol.cz\/wp-content\/uploads\/img_a333629_w1693_t1547065081.jpg","url":"https:\/\/www.aizol.cz\/wp-content\/uploads\/img_a333629_w1693_t1547065081.jpg","height":0,"width":0},"keywords":null},{"@type":"Article","@id":"https:\/\/www.aizol.cz\/i-se-zaznamem-v-registru-muzete-ziskat-potrebnou-pujcku\/","headline":"I se z\u00e1znamem v registru m\u016f\u017eete z\u00edskat pot\u0159ebnou p\u016fj\u010dku","url":"https:\/\/www.aizol.cz\/i-se-zaznamem-v-registru-muzete-ziskat-potrebnou-pujcku\/","datePublished":"2018-09-03","dateModified":"2023-05-31","mainEntityOfPage":"https:\/\/www.aizol.cz\/i-se-zaznamem-v-registru-muzete-ziskat-potrebnou-pujcku\/","author":{"@type":"Person","@id":"https:\/\/www.aizol.cz\/author\/#Person","name":"","url":"https:\/\/www.aizol.cz\/author\/","identifier":1,"image":{"@type":"ImageObject","@id":"https:\/\/secure.gravatar.com\/avatar\/1a78ecc0e437eba31014e33ef1099b06183f235c76cc2a60652b6bba7126ee97?s=96&d=mm&r=g","url":"https:\/\/secure.gravatar.com\/avatar\/1a78ecc0e437eba31014e33ef1099b06183f235c76cc2a60652b6bba7126ee97?s=96&d=mm&r=g","height":96,"width":96}},"publisher":{"@type":"Organization","name":"aizol.cz","logo":{"@type":"ImageObject","@id":"\/logo.png","url":"\/logo.png","width":600,"height":60}},"image":{"@type":"ImageObject","@id":"https:\/\/www.aizol.cz\/wp-content\/uploads\/img_a325448_w1965_t1537347720.jpg","url":"https:\/\/www.aizol.cz\/wp-content\/uploads\/img_a325448_w1965_t1537347720.jpg","height":0,"width":0},"keywords":null}]}